{"id":2892,"date":"2022-06-01T16:45:31","date_gmt":"2022-06-01T14:45:31","guid":{"rendered":"https:\/\/jmkaliningrad.org\/?p=2892"},"modified":"2022-06-02T16:15:40","modified_gmt":"2022-06-02T14:15:40","slug":"ein-denkmal-kehrt-zurueck","status":"publish","type":"post","link":"https:\/\/jmkaliningrad.org\/de\/ein-denkmal-kehrt-zurueck\/","title":{"rendered":"Ein Denkmal kehrt zur\u00fcck"},"content":{"rendered":"\n<p>Nida, 29.05.2022. Ein Denkmal wurde in Nida auf der Kurischen Nehrung enth\u00fcllt, dass an ein fr\u00fcheres Denkmal erinnert. Bis in die 30er Jahre befand sich hier die Niddener K\u00fcnstlerkolonie. Es kamen ausw\u00e4rtige Maler und Literaten, aber auch Sch\u00fcler und Lehrer der&nbsp;Kunstakademie K\u00f6nigsberg, um in der Ruhe und in der Natur zum k\u00fcnstlerischen Schaffen zu finden. 1925 wurde ein Denkmal von Ernst Mollenhauer f\u00fcr drei im Ersten Weltkrieg gefallene K\u00fcnstler geschaffen. Darunter war der sehr erfolgreiche Dichter der Nehrung und Sohn einer j\u00fcdischen Familie aus K\u00f6nigsberg, Walther Heymann. Dieses Denkmal, dass auch an einen Juden erinnerte, wurde von Anh\u00e4ngern der nationalsozialistischen Ideologie 1938 oder erst 1939 zerst\u00f6rt. Im Jahre 2022 wurde auf dem H\u00fcgel vor dem Ferienhaus Kastytis in Nida eine Hinweistafel in der Form des alten Denkmals und drei geschnitzte Holzb\u00e4nke f\u00fcr die beiden Maler und dem Poeten feierlich vorgestellt. <\/p>\n\n\n\n<div class=\"wp-block-columns is-layout-flex wp-container-core-columns-is-layout-9d6595d7 wp-block-columns-is-layout-flex\">\n<div class=\"wp-block-column is-layout-flow wp-block-column-is-layout-flow\">\n<figure class=\"wp-block-image size-full\"><img fetchpriority=\"high\" decoding=\"async\" width=\"673\" height=\"906\" src=\"https:\/\/jmkaliningrad.org\/wp-content\/uploads\/2022\/06\/Enthuellung.jpg\" alt=\"\" class=\"wp-image-2893\" srcset=\"https:\/\/jmkaliningrad.org\/wp-content\/uploads\/2022\/06\/Enthuellung.jpg 673w, https:\/\/jmkaliningrad.org\/wp-content\/uploads\/2022\/06\/Enthuellung-223x300.jpg 223w\" sizes=\"(max-width: 673px) 100vw, 673px\" \/><figcaption>Der B\u00fcrgermeister der Nehrung Darius Jasaitis und der Vorsitzende der J\u00fcdischen Gemeinde Klaipedas Felix Puzemskis <br>Bild: Aivaras Motuzas<\/figcaption><\/figure>\n<\/div>\n\n\n\n<div class=\"wp-block-column is-layout-flow wp-block-column-is-layout-flow\">\n<figure class=\"wp-block-image size-large\"><img decoding=\"async\" width=\"1024\" height=\"983\" src=\"https:\/\/jmkaliningrad.org\/wp-content\/uploads\/2022\/06\/Nidden-Denkmal-1927-1024x983.jpg\" alt=\"\" class=\"wp-image-2905\" srcset=\"https:\/\/jmkaliningrad.org\/wp-content\/uploads\/2022\/06\/Nidden-Denkmal-1927-1024x983.jpg 1024w, https:\/\/jmkaliningrad.org\/wp-content\/uploads\/2022\/06\/Nidden-Denkmal-1927-300x288.jpg 300w, https:\/\/jmkaliningrad.org\/wp-content\/uploads\/2022\/06\/Nidden-Denkmal-1927-768x738.jpg 768w, https:\/\/jmkaliningrad.org\/wp-content\/uploads\/2022\/06\/Nidden-Denkmal-1927-1536x1475.jpg 1536w, https:\/\/jmkaliningrad.org\/wp-content\/uploads\/2022\/06\/Nidden-Denkmal-1927.jpg 1763w\" sizes=\"(max-width: 1024px) 100vw, 1024px\" \/><figcaption>ca. 1927 f\u00fcr die K\u00fcnstler Ernst Bischoff-Culm, Hans Beppo-Borschke und Walther Heymann<\/figcaption><\/figure>\n\n\n<div class=\"wp-block-image\">\n<figure class=\"aligncenter size-large is-resized\"><img decoding=\"async\" src=\"https:\/\/jmkaliningrad.org\/wp-content\/uploads\/2022\/06\/Walther_Heymann_1913-887x1024.jpg\" alt=\"\" class=\"wp-image-2897\" width=\"215\" height=\"249\" srcset=\"https:\/\/jmkaliningrad.org\/wp-content\/uploads\/2022\/06\/Walther_Heymann_1913-887x1024.jpg 887w, https:\/\/jmkaliningrad.org\/wp-content\/uploads\/2022\/06\/Walther_Heymann_1913-260x300.jpg 260w, https:\/\/jmkaliningrad.org\/wp-content\/uploads\/2022\/06\/Walther_Heymann_1913-768x887.jpg 768w, https:\/\/jmkaliningrad.org\/wp-content\/uploads\/2022\/06\/Walther_Heymann_1913.jpg 1167w\" sizes=\"(max-width: 215px) 100vw, 215px\" \/><figcaption>Schriftsteller Walther Heymann 1882-1915<\/figcaption><\/figure>\n<\/div><\/div>\n<\/div>\n\n\n\n<div class=\"wp-block-columns is-layout-flex wp-container-core-columns-is-layout-9d6595d7 wp-block-columns-is-layout-flex\">\n<div class=\"wp-block-column is-layout-flow wp-block-column-is-layout-flow\"><div class=\"wp-block-image\">\n<figure class=\"aligncenter size-full\"><img loading=\"lazy\" decoding=\"async\" width=\"345\" height=\"546\" src=\"https:\/\/jmkaliningrad.org\/wp-content\/uploads\/2022\/06\/15350697_10208362524762924_3713664069654313329_n.jpg\" alt=\"Eltern Heymann aus Koenigsberg\" class=\"wp-image-2909\" srcset=\"https:\/\/jmkaliningrad.org\/wp-content\/uploads\/2022\/06\/15350697_10208362524762924_3713664069654313329_n.jpg 345w, https:\/\/jmkaliningrad.org\/wp-content\/uploads\/2022\/06\/15350697_10208362524762924_3713664069654313329_n-190x300.jpg 190w\" sizes=\"(max-width: 345px) 100vw, 345px\" \/><figcaption>Die Eltern von Walther aus K\u00f6nigsberg, Johanna und der Getreideh\u00e4ndler Richard Heymann<\/figcaption><\/figure>\n<\/div><\/div>\n\n\n\n<div class=\"wp-block-column is-layout-flow wp-block-column-is-layout-flow\"><div class=\"wp-block-image\">\n<figure class=\"aligncenter size-full\"><img loading=\"lazy\" decoding=\"async\" width=\"604\" height=\"576\" src=\"https:\/\/jmkaliningrad.org\/wp-content\/uploads\/2022\/06\/Children-Heymannn.jpg\" alt=\"\" class=\"wp-image-2923\" srcset=\"https:\/\/jmkaliningrad.org\/wp-content\/uploads\/2022\/06\/Children-Heymannn.jpg 604w, https:\/\/jmkaliningrad.org\/wp-content\/uploads\/2022\/06\/Children-Heymannn-300x286.jpg 300w\" sizes=\"(max-width: 604px) 100vw, 604px\" \/><figcaption>Die Jungs der Familie Heymann: Kurt (links), Walther (oben), Hans (rechts), Werner (unten)<\/figcaption><\/figure>\n<\/div>\n\n<div class=\"wp-block-image\">\n<figure class=\"aligncenter size-full\"><img loading=\"lazy\" decoding=\"async\" width=\"422\" height=\"563\" src=\"https:\/\/jmkaliningrad.org\/wp-content\/uploads\/2022\/06\/Plakat-Ausschn.jpg\" alt=\"\" class=\"wp-image-2927\" srcset=\"https:\/\/jmkaliningrad.org\/wp-content\/uploads\/2022\/06\/Plakat-Ausschn.jpg 422w, https:\/\/jmkaliningrad.org\/wp-content\/uploads\/2022\/06\/Plakat-Ausschn-225x300.jpg 225w\" sizes=\"(max-width: 422px) 100vw, 422px\" \/><figcaption>Der Bruder Werner schrieb sehr bekannte Melodien f\u00fcr Lieder in Tonfilmen. 2020 gab es ein Konzert in Kaliningrad.<\/figcaption><\/figure>\n<\/div><\/div>\n<\/div>\n\n\n\n<figure class=\"wp-block-image size-large\"><img loading=\"lazy\" decoding=\"async\" width=\"1024\" height=\"461\" src=\"https:\/\/jmkaliningrad.org\/wp-content\/uploads\/2022\/06\/Denkmal-Mollenhauer-drei-Kuenstler-1024x461.jpg\" alt=\"\" class=\"wp-image-2931\" srcset=\"https:\/\/jmkaliningrad.org\/wp-content\/uploads\/2022\/06\/Denkmal-Mollenhauer-drei-Kuenstler-1024x461.jpg 1024w, https:\/\/jmkaliningrad.org\/wp-content\/uploads\/2022\/06\/Denkmal-Mollenhauer-drei-Kuenstler-300x135.jpg 300w, https:\/\/jmkaliningrad.org\/wp-content\/uploads\/2022\/06\/Denkmal-Mollenhauer-drei-Kuenstler-768x346.jpg 768w, https:\/\/jmkaliningrad.org\/wp-content\/uploads\/2022\/06\/Denkmal-Mollenhauer-drei-Kuenstler-1536x691.jpg 1536w, https:\/\/jmkaliningrad.org\/wp-content\/uploads\/2022\/06\/Denkmal-Mollenhauer-drei-Kuenstler.jpg 1951w\" sizes=\"(max-width: 1024px) 100vw, 1024px\" \/><figcaption>Nida 2022, Bild: Aivaras Motuzas<\/figcaption><\/figure>\n","protected":false},"excerpt":{"rendered":"<p>Nida, 29.05.2022. Ein Denkmal wurde in Nida auf der Kurischen Nehrung enth\u00fcllt, dass an ein fr\u00fcheres Denkmal erinnert. Bis in die 30er Jahre befand sich hier die Niddener K\u00fcnstlerkolonie. Es kamen ausw\u00e4rtige Maler und Literaten, aber auch Sch\u00fcler und Lehrer der&nbsp;Kunstakademie K\u00f6nigsberg, um in der Ruhe und in der Natur zum k\u00fcnstlerischen Schaffen zu finden. [&hellip;]<\/p>\n","protected":false},"author":8,"featured_media":2919,"comment_status":"open","ping_status":"open","sticky":false,"template":"","format":"standard","meta":{"footnotes":""},"categories":[64,4],"tags":[106],"class_list":["post-2892","post","type-post","status-publish","format-standard","has-post-thumbnail","hentry","category-alle-beitrage","category-geschichten","tag-geschichten"],"_links":{"self":[{"href":"https:\/\/jmkaliningrad.org\/de\/wp-json\/wp\/v2\/posts\/2892","targetHints":{"allow":["GET"]}}],"collection":[{"href":"https:\/\/jmkaliningrad.org\/de\/wp-json\/wp\/v2\/posts"}],"about":[{"href":"https:\/\/jmkaliningrad.org\/de\/wp-json\/wp\/v2\/types\/post"}],"author":[{"embeddable":true,"href":"https:\/\/jmkaliningrad.org\/de\/wp-json\/wp\/v2\/users\/8"}],"replies":[{"embeddable":true,"href":"https:\/\/jmkaliningrad.org\/de\/wp-json\/wp\/v2\/comments?post=2892"}],"version-history":[{"count":7,"href":"https:\/\/jmkaliningrad.org\/de\/wp-json\/wp\/v2\/posts\/2892\/revisions"}],"predecessor-version":[{"id":2964,"href":"https:\/\/jmkaliningrad.org\/de\/wp-json\/wp\/v2\/posts\/2892\/revisions\/2964"}],"wp:featuredmedia":[{"embeddable":true,"href":"https:\/\/jmkaliningrad.org\/de\/wp-json\/wp\/v2\/media\/2919"}],"wp:attachment":[{"href":"https:\/\/jmkaliningrad.org\/de\/wp-json\/wp\/v2\/media?parent=2892"}],"wp:term":[{"taxonomy":"category","embeddable":true,"href":"https:\/\/jmkaliningrad.org\/de\/wp-json\/wp\/v2\/categories?post=2892"},{"taxonomy":"post_tag","embeddable":true,"href":"https:\/\/jmkaliningrad.org\/de\/wp-json\/wp\/v2\/tags?post=2892"}],"curies":[{"name":"wp","href":"https:\/\/api.w.org\/{rel}","templated":true}]}}